{"id":1978,"date":"2021-07-07T06:00:46","date_gmt":"2021-07-07T11:00:46","guid":{"rendered":"https:\/\/iglesiadecristomanizales.com\/?p=1978"},"modified":"2021-07-06T23:21:14","modified_gmt":"2021-07-07T04:21:14","slug":"salmo-1-no-asi-los-malos-que-son-como-el-tamo-que-arrebata-el-viento","status":"publish","type":"post","link":"https:\/\/iglesiadecristomanizales.com\/?p=1978","title":{"rendered":"Salmo 1 &#8211; \u201cNo as\u00ed los malos, Que son como el tamo que arrebata el viento.\u201d"},"content":{"rendered":"<div class=\"waveplayer-container\"><div id=\"waveplayer-94f273d38428ae58a441208fc3bc314f-69f55b7ed1484\" class=\"waveplayer loading wvpl-skin-w3-standard wvpl-palette-82b5f13d3182c280df0afafb94cd569a wvpl-style-light wvpl-size-lg wvpl-shape-rounded wvpl-full-width-playlist \" data-limit=\"0\" data-mode=\"normal\" data-config_id=\"94f273d38428ae58a441208fc3bc314f\" data-instance_id=\"94f273d38428ae58a441208fc3bc314f-69f05af352304\">\n\t<div class=\"wvpl-cover\">\n\t\t<div class=\"wvpl-poster\"><\/div>\n\t<\/div>\n\t<div class=\"wvpl-wave\">\n\t\t<div class=\"wvpl-overlay\">\n\t\t\t<svg>\n\t\t\t\t<use xlink:href=\"#waveform-animation\" \/>\n\t\t\t<\/svg>\n\t\t\t<div class=\"percentage\"><\/div>\n\t\t\t<div class=\"wvpl-loading\">\n\t\t\t\t<div class=\"wvpl-loading-progress\"><\/div>\n\t\t\t<\/div>\n\t\t\t<div class=\"message\"><\/div>\n\t\t<\/div>\n\t\t<div class=\"wvpl-position\"><\/div>\n\t\t<div class=\"wvpl-waveform\"><\/div>\n\t\t<div class=\"wvpl-duration\"><\/div>\n\t<\/div>\n\t<div class=\"wvpl-interface\">\n\t\t<div class=\"wvpl-controls\">\n\t\t\t<div class=\"wvpl-icon wvpl-prev wvpl-disabled\"><\/div>\n\t\t\t<div class=\"wvpl-icon wvpl-play\"><\/div>\n\t\t\t<div class=\"wvpl-icon wvpl-next wvpl-disabled\"><\/div>\n\t\t<\/div>\n\t\t<div class=\"wvpl-volume-slider\">\n\t\t\t<div class=\"rail\">\n\t\t\t\t<div class=\"value\"><\/div>\n\t\t\t<\/div>\n\t\t\t<div class=\"handle\"><\/div>\n\t\t\t<div class=\"touchable\"><\/div>\n\t\t<\/div>\n\t\t<div class=\"wvpl-infobar\">\n\t\t\t<div class=\"wvpl-playing-info\"><div class=\"wvpl-infoblock\"><\/div><\/div>\n\t\t<\/div>\n\t<\/div>\n\t<div class=\"wvpl-playlist\">\n\t\t<div class=\"wvpl-playlist-wrapper\"><\/div>\n\t<\/div>\n<\/div>\n<\/div>\n<p style=\"text-align: center;\">Autor: Luis Felipe Torres Mu\u00f1oz<\/p>\n<p style=\"text-align: center;\"><strong>Resumen<\/strong><\/p>\n<p>Es definitivamente importante entender la condici\u00f3n en la cual estamos, escapar si estamos practicando lo malo, y trabajar diligentemente para practicar el bien.<\/p>\n<p>En resumen, podemos decir que existen dos grupos, los buenos y justo y los malos y pecadores. No existe un grupo intermedio, o somos de Dios o somos del diablo.<\/p>\n<p style=\"text-align: center;\">*******<\/p>\n<h2 style=\"text-align: center;\">No as\u00ed los malos<\/h2>\n<p>En comparaci\u00f3n con aquel bienaventurado, el malo es el contrario absoluto. De hecho, podemos encontrar en traducciones de la biblia una doble negaci\u00f3n. La porci\u00f3n en si es contundente al afirmar que, el malo mencionado es el opuesto total al bienaventurado y justo hijo de Dios. Por consiguiente, el malo es hijo del diablo.<\/p>\n<p>C.H. Spurgeon dice lo siguiente:<\/p>\n<blockquote><p>\u00a1Oh, qu\u00e9 terrible resulta imaginar siquiera que nosotros pudi\u00e9ramos ser merecedores de ese doble negativo de inversi\u00f3n en lo que respecta a estas promesas de Dios!<\/p><\/blockquote>\n<p>Ahora, es lo que el vers\u00edculo en si menciona, una doble negaci\u00f3n de aplicaci\u00f3n de la promesa de Dios. Ni siquiera por accidente el injusto lograr\u00e1 algo de lo mencionado anteriormente de esas bendiciones.<\/p>\n<p>No hay provecho en la injusticia, solo castigo eterno y destrucci\u00f3n. El malo elije su destino eterno, se asocia con el pecado y su fin ser\u00e1 de sufrimiento y dolor.<\/p>\n<blockquote><p>Luc. 6:45b \u2026y el hombre malo, del mal tesoro de su coraz\u00f3n saca lo malo;<\/p><\/blockquote>\n<p>No esperemos de Dios algo, cuando no vivimos conforme a su voluntad.<\/p>\n<h2 style=\"text-align: center;\">Que son como el tamo que arrebata el viento.<\/h2>\n<p>El salmista continua con su descripci\u00f3n, relacionando al malo con el tamo que arrebata el viento, algo insignificante, muerto, que carece de sustancia, sin ninguna utilidad, que no sirve para nada; que posteriormente es arrebatada y puesta en su lugar, donde las cosas que no tiene valor estar\u00e1n.<\/p>\n<p>De hecho, se repite en gran parte de la escritura este destino para los malos delante de Dios.<\/p>\n<blockquote><p>Job 21:18 Ser\u00e1n como la paja delante del viento, Y como el tamo que arrebata el torbellino.<\/p>\n<p>Sal 35:5 Sean como el tamo delante del viento, Y el \u00e1ngel de Jehov\u00e1 los acose.<\/p>\n<p>Dan 2:35 Entonces fueron desmenuzados tambi\u00e9n el hierro, el barro cocido, el bronce, la plata y el oro, y fueron como tamo de las eras del verano, y se los llev\u00f3 el viento sin que de ellos quedara rastro alguno. Mas la piedra que hiri\u00f3 a la imagen fue hecha un gran monte que llen\u00f3 toda la tierra.<\/p><\/blockquote>\n<p>Al tener tal condici\u00f3n, podemos inferir lo siguiente, como dice Sir Richard Baker [1568-1645]:<\/p>\n<p>Los malos deben agradecer incluso a los buenos, a aquel mencionado en los versos anteriores, puesto que es por aquel bueno y justo que la tierra aun no es consumida. Las bendiciones que descienden para los justos y bienaventurados son aprovechadas por los injustos, puesto que Dios aun permite al sol dar su brillo, al aire circular, al agua dar vida y a la tierra proveer el alimento, aun la creaci\u00f3n existe para sustentar al justo; pero, \u00bfQu\u00e9 ser\u00e1 del imp\u00edo cuando el justo termine su labor?<\/p>\n<p>Como ocurri\u00f3 con Sodoma y Gomorra, donde Abraham le dice al Se\u00f1or:<\/p>\n<blockquote><p>G\u00e9n 18:23 Y se acerc\u00f3 Abraham y dijo: \u00bfDestruir\u00e1s tambi\u00e9n al justo con el imp\u00edo?<\/p><\/blockquote>\n<p>Escapa pronto de tal condici\u00f3n, y procura ser aquel bienaventurado, siervo fiel del Se\u00f1or.<\/p>\n<p>\u00a1Dios nos bendiga!<\/p>\n","protected":false},"excerpt":{"rendered":"<p>Autor: Luis Felipe Torres Mu\u00f1oz Resumen Es definitivamente importante entender la condici\u00f3n en la cual estamos, escapar si estamos practicando lo malo, y trabajar diligentemente para practicar el bien. En resumen, podemos decir que existen dos grupos, los buenos y justo y los malos y pecadores. No existe un grupo intermedio, o somos de Dios [&hellip;]<\/p>\n","protected":false},"author":2,"featured_media":1979,"comment_status":"open","ping_status":"open","sticky":false,"template":"","format":"standard","meta":{"_et_pb_use_builder":"","_et_pb_old_content":"","_et_gb_content_width":"","footnotes":""},"categories":[117],"tags":[],"class_list":["post-1978","post","type-post","status-publish","format-standard","has-post-thumbnail","hentry","category-devocionales"],"_links":{"self":[{"href":"https:\/\/iglesiadecristomanizales.com\/index.php?rest_route=\/wp\/v2\/posts\/1978","targetHints":{"allow":["GET"]}}],"collection":[{"href":"https:\/\/iglesiadecristomanizales.com\/index.php?rest_route=\/wp\/v2\/posts"}],"about":[{"href":"https:\/\/iglesiadecristomanizales.com\/index.php?rest_route=\/wp\/v2\/types\/post"}],"author":[{"embeddable":true,"href":"https:\/\/iglesiadecristomanizales.com\/index.php?rest_route=\/wp\/v2\/users\/2"}],"replies":[{"embeddable":true,"href":"https:\/\/iglesiadecristomanizales.com\/index.php?rest_route=%2Fwp%2Fv2%2Fcomments&post=1978"}],"version-history":[{"count":1,"href":"https:\/\/iglesiadecristomanizales.com\/index.php?rest_route=\/wp\/v2\/posts\/1978\/revisions"}],"predecessor-version":[{"id":1981,"href":"https:\/\/iglesiadecristomanizales.com\/index.php?rest_route=\/wp\/v2\/posts\/1978\/revisions\/1981"}],"wp:featuredmedia":[{"embeddable":true,"href":"https:\/\/iglesiadecristomanizales.com\/index.php?rest_route=\/wp\/v2\/media\/1979"}],"wp:attachment":[{"href":"https:\/\/iglesiadecristomanizales.com\/index.php?rest_route=%2Fwp%2Fv2%2Fmedia&parent=1978"}],"wp:term":[{"taxonomy":"category","embeddable":true,"href":"https:\/\/iglesiadecristomanizales.com\/index.php?rest_route=%2Fwp%2Fv2%2Fcategories&post=1978"},{"taxonomy":"post_tag","embeddable":true,"href":"https:\/\/iglesiadecristomanizales.com\/index.php?rest_route=%2Fwp%2Fv2%2Ftags&post=1978"}],"curies":[{"name":"wp","href":"https:\/\/api.w.org\/{rel}","templated":true}]}}