{"id":19135,"date":"2025-01-23T20:41:24","date_gmt":"2025-01-24T01:41:24","guid":{"rendered":"https:\/\/iglesiadecristomanizales.com\/?p=19135"},"modified":"2025-01-23T20:43:36","modified_gmt":"2025-01-24T01:43:36","slug":"acuerdate-de-tu-creador","status":"publish","type":"post","link":"https:\/\/iglesiadecristomanizales.com\/?p=19135","title":{"rendered":"Acu\u00e9rdate de tu Creador"},"content":{"rendered":"\n<p class=\"has-text-align-center\">Por Luis Felipe Torres M. 2025\u00a9<\/p>\n\n\n\n<p class=\"has-text-align-center\">Vers\u00edculo Clave: <strong>Eclesiast\u00e9s 12:1<\/strong><\/p>\n\n\n\n<p class=\"has-text-align-center\">Acu\u00e9rdate de tu Creador en los d\u00edas de tu juventud, antes que vengan los d\u00edas malos, y lleguen los a\u00f1os de los cuales digas: No tengo en ellos contentamiento;<\/p>\n\n\n\n<p class=\"has-text-align-center\">*******<\/p>\n\n\n\n<h2 class=\"wp-block-heading\">Introducci\u00f3n<\/h2>\n\n\n\n<p>Los tiempos de hoy son tiempos peligrosos. La sociedad cada vez m\u00e1s se olvida de Dios y se aleja de la moralidad espiritual. Ya Dios se convirti\u00f3 en algo anticuado, en algo que no esta muy a la moda. Las generaciones actuales se est\u00e1n olvidando de Dios. Incluso, las iglesias de hoy, sean estas denominacionales o la cat\u00f3lica romana, enfrentan una crisis tremenda de abandono, ya que las generaciones pasadas est\u00e1n muriendo y las nuevas no quieren nada que tenga que ver con Dios, con la biblia o con algo espiritual que involucre responsabilidad.<\/p>\n\n\n\n<p>El pensamiento progre se ha colado en las mentes de los j\u00f3venes, y se aboga por derechos y libertades que nos acercan cada vez m\u00e1s a un descenso peligroso, a una escasez de valores y actitudes cristianas fuertes. Los pocos que logran salir de estas peligrosas sendas, terminan marginados socialmente, y aunque algunos soportan estas dif\u00edciles pruebas, otros, sin embargo, se dejan llevar por la corriente y callan sus propias conciencias.<\/p>\n\n\n\n<p>Este es el panorama. As\u00ed es, algo dif\u00edcil y complejo, y por esto importante abordar cada punto desde la raz\u00f3n y el punto de vista de Dios. \u00bfCorrecto o no correcto? Todo debe ser considerado.<\/p>\n\n\n\n<h2 class=\"wp-block-heading\">Una generaci\u00f3n que se ha olvidado de Dios<\/h2>\n\n\n\n<blockquote class=\"wp-block-quote is-layout-flow wp-block-quote-is-layout-flow\">\n<p><strong>Jue 2:6-10<\/strong> Porque ya Josu\u00e9 hab\u00eda despedido al pueblo, y los hijos de Israel se hab\u00edan ido cada uno a su heredad para poseerla. <strong><sup>7<\/sup><\/strong>Y el pueblo hab\u00eda servido a Jehov\u00e1 todo el tiempo de Josu\u00e9, y todo el tiempo de los ancianos que sobrevivieron a Josu\u00e9, los cuales hab\u00edan visto todas las grandes obras de Jehov\u00e1, que \u00e9l hab\u00eda hecho por Israel. <strong><sup>8<\/sup><\/strong>Pero muri\u00f3 Josu\u00e9 hijo de Nun, siervo de Jehov\u00e1, siendo de ciento diez a\u00f1os. <strong><sup>9<\/sup><\/strong>Y lo sepultaron en su heredad en Timnat-sera, en el monte de Efra\u00edn, al norte del monte de Gaas. <strong><sup>10<\/sup><\/strong>Y toda aquella generaci\u00f3n tambi\u00e9n fue reunida a sus padres. Y se levant\u00f3 despu\u00e9s de ellos otra generaci\u00f3n que no conoc\u00eda a Jehov\u00e1, ni la obra que \u00e9l hab\u00eda hecho por Israel.<\/p>\n<\/blockquote>\n\n\n\n<p>\u00bfQu\u00e9 sucedi\u00f3 para que esta generaci\u00f3n se olvidara de Dios? \u2013 bueno, no cumplieron su deber en cuanto a derribar los altares a otros dioses que hallaron en la tierra de Cana\u00e1n; y esto se convirti\u00f3 en lazo que los ato a una cruda situaci\u00f3n de alejamiento, ya que sus generaciones posteriores se inclinar\u00edan ante estos dioses y olvidar\u00edan todo lo anterior.<\/p>\n\n\n\n<p>Ahora, en nuestra sociedad actual, olvidarnos de Dios, implica que terminemos adorando y siendo obedientes a otros dioses. Dioses como el materialismo, la supuesta \u201clibertad de elecci\u00f3n\u201d, el supuesto \u201cprogresismo\u201d, las nuevas formas de diversi\u00f3n, el culto al cuerpo, el culto a las emociones, el culto al pensamiento cient\u00edfico que ignora el hecho del causante principal de todo, etc. Poco se habla de agradar a Dios, y m\u00e1s bien se busca el agradarnos a nosotros mismos. Si una persona no se siente bien en alguna iglesia, termina abandon\u00e1ndola, ya que su pensamiento es: \u201csino me siento bien pues no regreso\u201d &#8211; \u00bfQui\u00e9n habla de que el evangelio es para sentirnos bien? \u00bfAcaso olvidamos el principal mensaje del evangelio? \u00a1Es para salvarnos! (<strong>Romanos 1:16-17<\/strong>) E implica que usted debe negarse (<strong>Mateo 16:24-26<\/strong>). Y as\u00ed como el pueblo de Israel se perdi\u00f3 por los \u00eddolos de aquellas tierras, las generaciones de hoy se pierden por las nuevas ideas y conceptos que el mundo ofrece. Se requiere de valent\u00eda para soportar y perseverar en Dios (<strong>Mateo 24:13<\/strong>).<\/p>\n\n\n\n<h2 class=\"wp-block-heading\">Acu\u00e9rdate de tu Creador<\/h2>\n\n\n\n<blockquote class=\"wp-block-quote is-layout-flow wp-block-quote-is-layout-flow\">\n<p><strong>Eclesiast\u00e9s 12:1<\/strong> \u201cAcu\u00e9rdate (Hacer memoria, hacer menci\u00f3n, recordar, ser consciente<a href=\"#_ftn1\" id=\"_ftnref1\"><strong>[1]<\/strong><\/a>) de tu Creador en los d\u00edas de tu juventud\u2026\u201d<\/p>\n<\/blockquote>\n\n\n\n<p>Esto es un llamado para los j\u00f3venes, para que piensen en Dios y sean conscientes del deber que tenemos para con \u00c9l mientras estamos en esa etapa de nuestra vida.<\/p>\n\n\n\n<p>Como dice el comentarista Mathew Henry: Como si dijera: \u00abLos que sois j\u00f3venes no os lisonje\u00e9is con la esperanza de grandes cosas de parte del mundo, las cuales no satisfacen al alma; acordaos de vuestro Creador y os guardar\u00e9is as\u00ed de los males que provienen de la futilidad de las criaturas\u00bb. Este recuerdo del Creador es el mejor ant\u00eddoto contra las especiales enfermedades morales de la juventud, las <em>pasiones juveniles<\/em> (<strong>2 Timoteo 2:22<\/strong>) y la futilidad a que est\u00e1n sujetas la ni\u00f1ez y la adolescencia. Dios es nuestro Creador, <em>\u00c9l nos hizo y no nosotros mismos<\/em>; (<strong>Salmo 100:3<\/strong>) por tanto, es nuestro leg\u00edtimo Due\u00f1o y Se\u00f1or. Hemos de pagarle el honor, el respeto y la obediencia que le debemos como a nuestro Hacedor<a href=\"#_ftn2\" id=\"_ftnref2\">[2]<\/a>.<\/p>\n\n\n\n<p>Se que para varios j\u00f3venes es dif\u00edcil esta demanda, ya que el mundo ofrece placer y diversi\u00f3n por montones, pero debemos ser conscientes y considerar que esas diversiones y placeres solo pueden dar un resultado a futuro: tristeza, dolor, sufrimientos, arrepentimientos, depresiones, angustias, amarguras, lamentos, etc. Ya que el pecado solo produce la muerte, la separaci\u00f3n eterna de Dios.<\/p>\n\n\n\n<p>Cuando el escritor de Eclesiast\u00e9s advierte \u201c<em>antes que vengan los d\u00edas malos, y lleguen los a\u00f1os de los cuales digas: No tengo en ellos contentamiento<\/em>\u201d (<strong>Eclesiast\u00e9s 12:1b<\/strong>) nos da la raz\u00f3n del por qu\u00e9 debemos recordar a nuestro Creador en la etapa de la juventud; es como si dijese: \u00abHazlo pronto, enseguida, antes de que vengan la enfermedad y la muerte\u00bb. Y aun antes de que llegue la vejez cuando ya no quedar\u00e1 otro contentamiento que el testimonio de una buena conciencia acerca de lo hecho en esta vida, y la expectaci\u00f3n gozosa de una mejor vida en el Cielo<a href=\"#_ftn3\" id=\"_ftnref3\">[3]<\/a>.<\/p>\n\n\n\n<p>Por lo tanto, consideramos importante llamar la atenci\u00f3n de cada uno de ustedes j\u00f3venes, quienes tienen todo un camino por delante para servir y agradar a Dios. \u00a1No te olvides de tu creador!<\/p>\n\n\n\n<h2 class=\"wp-block-heading\">Ser conscientes de la existencia de Dios<\/h2>\n\n\n\n<blockquote class=\"wp-block-quote is-layout-flow wp-block-quote-is-layout-flow\">\n<p><strong>Ecl 11:9<\/strong> Al\u00e9grate, joven, en tu juventud, y tome placer tu coraz\u00f3n en los d\u00edas de tu adolescencia; y anda en los caminos de tu coraz\u00f3n y en la vista de tus ojos; pero sabe, que sobre todas estas cosas te juzgar\u00e1 Dios.<\/p>\n<\/blockquote>\n\n\n\n<p>El escritor de Eclesiast\u00e9s, guiado por Dios, dice a los j\u00f3venes lo siguiente:<\/p>\n\n\n\n<ul class=\"wp-block-list\">\n<li>Al\u00e9grense.<\/li>\n\n\n\n<li>Tome placer tu coraz\u00f3n.<\/li>\n\n\n\n<li>Anda en los caminos de tu coraz\u00f3n.<\/li>\n\n\n\n<li>Anda en la vista de tus ojos.<\/li>\n<\/ul>\n\n\n\n<p>Pero\u2026 ten presente que sobre todas estas cosas nos juzgara Dios. As\u00ed es, se consciente de la existencia de un Dios que todo lo ve, que todo lo sabe y que aconseja tambi\u00e9n:<\/p>\n\n\n\n<blockquote class=\"wp-block-quote is-layout-flow wp-block-quote-is-layout-flow\">\n<p><strong>1Jn 2:15-17<\/strong> No am\u00e9is al mundo, ni las cosas que est\u00e1n en el mundo. Si alguno ama al mundo, el amor del Padre no est\u00e1 en \u00e9l. <strong><sup>16<\/sup><\/strong>Porque todo lo que hay en el mundo, los deseos de la carne, los deseos de los ojos, y la vanagloria de la vida, no proviene del Padre, sino del mundo. <strong><sup>17<\/sup><\/strong>Y el mundo pasa, y sus deseos; pero el que hace la voluntad de Dios permanece para siempre.<\/p>\n<\/blockquote>\n\n\n\n<p>Como ya lo hemos dicho: Seamos conscientes de que Dios nos cre\u00f3; que el mundo donde habitamos fue creado por \u00c9l; que todo lo que tenemos hoy d\u00eda y recibimos, todo viene de parte de \u00c9l y con el permiso de \u00c9l; y que \u00c9l juzgar\u00e1 todas las cosas.<\/p>\n\n\n\n<p>Ahora, viajando m\u00e1s hacia al interior, \u00bfQu\u00e9 motiva tu relaci\u00f3n con Dios? \u00bfCu\u00e1l es tu principal raz\u00f3n para obedecer sus mandamientos?<\/p>\n\n\n\n<p>Algunos j\u00f3venes, al ser cuestionados por algunos, podr\u00edan contestar: \u201c<em>Bueno, mi motivaci\u00f3n es la salvaci\u00f3n<\/em>\u201d, u otros dir\u00e1n, \u201c<em>no quiero tener problemas con mis padres, por eso asisto<\/em>\u201d. Podemos encontrar respuestas tambi\u00e9n como \u201c<em>que miedo ir al infierno<\/em>\u201d o \u201c<em>es lo \u00fanico que conozco<\/em>\u201d. Bueno \u00bfCreen ustedes que esto ser\u00eda correcto?&nbsp; \u00bfQu\u00e9 estas razones son correctas? \u2013 Espero que, si alguno piensa esto, empiece un poco a evaluar su postura, ya que, estas razones \u00a1no son correctas!<\/p>\n\n\n\n<p>Si hablamos de las razones correctas, y vamos a la biblia a ver cuales ser\u00edan, sin duda alguna nos ver\u00edamos directamente llamados a:<\/p>\n\n\n\n<blockquote class=\"wp-block-quote is-layout-flow wp-block-quote-is-layout-flow\">\n<p><strong>Mat 22:37<\/strong> Jes\u00fas le dijo: Amar\u00e1s al Se\u00f1or tu Dios con todo tu coraz\u00f3n, y con toda tu alma, y con toda tu mente.<\/p>\n<\/blockquote>\n\n\n\n<p>En resumen, aunque lo veremos m\u00e1s adelante, la raz\u00f3n correcta por la cual los j\u00f3venes deben ser conscientes de la existencia de Dios y que deben a \u00c9l obediencia, es porque \u00c9l nos ha creado, amado y salvado; y que espera de nosotros que le amemos con todo lo que somos; y as\u00ed, al amarlo, guardaremos sus mandamientos (<strong>Juan 14:15<\/strong>).<\/p>\n\n\n\n<h2 class=\"wp-block-heading\">Conclusi\u00f3n<\/h2>\n\n\n\n<p>Acord\u00e9monos de nuestro creador antes que vengan los d\u00edas malos.<\/p>\n\n\n\n<p>Busquemos ser conscientes de Su existencia y de Su justo juicio.<\/p>\n\n\n\n<p>Tengamos una relaci\u00f3n y obediencia acorde a lo que \u00c9l espera de nosotros.<\/p>\n\n\n\n<hr class=\"wp-block-separator has-alpha-channel-opacity\"\/>\n\n\n\n<p><a href=\"#_ftnref1\" id=\"_ftn1\">[1]<\/a> 2142. \u05d6\u05b8\u05db\u05b7\u05e8 zak\u00e1r; ra\u00edz prim.; prop. marcar (como para que sea reconocido), i.e de recordar; por impl. mencionar; tambi\u00e9n (como denom. de 2145) ser var\u00f3n o macho:\u2014acordar, -se, canciller, donde yo hiciere que est\u00e9 la memoria, conmemorar, conservar, cronista, dar cuenta, hacer memoria, hacer menci\u00f3n, macho, memoria, mencionar, mentar, recordar, secretario, ser recordado, traer a la memoria. Strong, J. (2002). En Nueva concordancia Strong exhaustiva: Diccionario (p. 35). Caribe.<\/p>\n\n\n\n<p><a href=\"#_ftnref2\" id=\"_ftn2\">[2]<\/a> Henry, M., &amp; Lacueva, F. (1999). Comentario B\u0131\u0301blico de Matthew Henry (p. 718). Editorial CLIE.<\/p>\n\n\n\n<p><a href=\"#_ftnref3\" id=\"_ftn3\">[3]<\/a> Henry, M., &amp; Lacueva, F. (1999). Comentario B\u0131\u0301blico de Matthew Henry (p. 718). Editorial CLIE.<\/p>\n\n\n\n<hr class=\"wp-block-separator has-alpha-channel-opacity\"\/>\n\n\n\n<div style=\"height:43px\" aria-hidden=\"true\" class=\"wp-block-spacer\"><\/div>\n\n\n\n<figure class=\"wp-block-embed is-type-video is-provider-youtube wp-block-embed-youtube wp-embed-aspect-16-9 wp-has-aspect-ratio\"><div class=\"wp-block-embed__wrapper\">\nhttps:\/\/youtu.be\/iKiYFnDOrPg\n<\/div><\/figure>\n","protected":false},"excerpt":{"rendered":"<p>Por Luis Felipe Torres M. 2025\u00a9 Vers\u00edculo Clave: Eclesiast\u00e9s 12:1 Acu\u00e9rdate de tu Creador en los d\u00edas de tu juventud, antes que vengan los d\u00edas malos, y lleguen los a\u00f1os de los cuales digas: No tengo en ellos contentamiento; ******* Introducci\u00f3n Los tiempos de hoy son tiempos peligrosos. La sociedad cada vez m\u00e1s se olvida [&hellip;]<\/p>\n","protected":false},"author":2,"featured_media":19136,"comment_status":"open","ping_status":"open","sticky":false,"template":"","format":"standard","meta":{"_et_pb_use_builder":"off","_et_pb_old_content":"","_et_gb_content_width":"","footnotes":""},"categories":[348],"tags":[],"class_list":["post-19135","post","type-post","status-publish","format-standard","has-post-thumbnail","hentry","category-jovenes"],"_links":{"self":[{"href":"https:\/\/iglesiadecristomanizales.com\/index.php?rest_route=\/wp\/v2\/posts\/19135","targetHints":{"allow":["GET"]}}],"collection":[{"href":"https:\/\/iglesiadecristomanizales.com\/index.php?rest_route=\/wp\/v2\/posts"}],"about":[{"href":"https:\/\/iglesiadecristomanizales.com\/index.php?rest_route=\/wp\/v2\/types\/post"}],"author":[{"embeddable":true,"href":"https:\/\/iglesiadecristomanizales.com\/index.php?rest_route=\/wp\/v2\/users\/2"}],"replies":[{"embeddable":true,"href":"https:\/\/iglesiadecristomanizales.com\/index.php?rest_route=%2Fwp%2Fv2%2Fcomments&post=19135"}],"version-history":[{"count":2,"href":"https:\/\/iglesiadecristomanizales.com\/index.php?rest_route=\/wp\/v2\/posts\/19135\/revisions"}],"predecessor-version":[{"id":19138,"href":"https:\/\/iglesiadecristomanizales.com\/index.php?rest_route=\/wp\/v2\/posts\/19135\/revisions\/19138"}],"wp:featuredmedia":[{"embeddable":true,"href":"https:\/\/iglesiadecristomanizales.com\/index.php?rest_route=\/wp\/v2\/media\/19136"}],"wp:attachment":[{"href":"https:\/\/iglesiadecristomanizales.com\/index.php?rest_route=%2Fwp%2Fv2%2Fmedia&parent=19135"}],"wp:term":[{"taxonomy":"category","embeddable":true,"href":"https:\/\/iglesiadecristomanizales.com\/index.php?rest_route=%2Fwp%2Fv2%2Fcategories&post=19135"},{"taxonomy":"post_tag","embeddable":true,"href":"https:\/\/iglesiadecristomanizales.com\/index.php?rest_route=%2Fwp%2Fv2%2Ftags&post=19135"}],"curies":[{"name":"wp","href":"https:\/\/api.w.org\/{rel}","templated":true}]}}