{"id":18916,"date":"2023-06-17T13:06:16","date_gmt":"2023-06-17T18:06:16","guid":{"rendered":"https:\/\/iglesiadecristomanizales.com\/?p=18916"},"modified":"2023-06-17T15:45:24","modified_gmt":"2023-06-17T20:45:24","slug":"podcasts-mayo-2023","status":"publish","type":"post","link":"https:\/\/iglesiadecristomanizales.com\/?p=18916","title":{"rendered":"Podcasts &#8211; Mayo 2023"},"content":{"rendered":"\n<h2 class=\"wp-block-heading\">Hermano \u00c1lvaro Sep\u00falveda<\/h2>\n\n\n\n<div class=\"wp-block-media-text alignwide has-media-on-the-right is-stacked-on-mobile\" style=\"grid-template-columns:auto 15%\"><div class=\"wp-block-media-text__content\">\n<p>Predicador y Evangelista de la iglesia de Cristo, con una trayectoria importante en la predicaci\u00f3n del evangelio, he tenido la oportunidad de estar entre hermanos de diferentes lugares y es mi prop\u00f3sito anunciar las verdades de Dios. Felizmente casado y trabajando en la obra del Se\u00f1or en Colombia.<\/p>\n<\/div><figure class=\"wp-block-media-text__media\"><img loading=\"lazy\" decoding=\"async\" width=\"175\" height=\"176\" src=\"https:\/\/iglesiadecristomanizales.com\/wp-content\/uploads\/2023\/06\/Imagen1.jpg\" alt=\"\" class=\"wp-image-18946 size-full\" srcset=\"https:\/\/iglesiadecristomanizales.com\/wp-content\/uploads\/2023\/06\/Imagen1.jpg 175w, https:\/\/iglesiadecristomanizales.com\/wp-content\/uploads\/2023\/06\/Imagen1-150x150.jpg 150w, https:\/\/iglesiadecristomanizales.com\/wp-content\/uploads\/2023\/06\/Imagen1-48x48.jpg 48w\" sizes=\"(max-width: 175px) 100vw, 175px\" \/><\/figure><\/div>\n\n\n\n<div class=\"wp-block-columns is-layout-flex wp-container-core-columns-is-layout-9d6595d7 wp-block-columns-is-layout-flex\">\n<div class=\"wp-block-column is-layout-flow wp-block-column-is-layout-flow\" style=\"flex-basis:100%\">\n<hr class=\"wp-block-separator has-alpha-channel-opacity\"\/>\n\n\n\n<div style=\"height:53px\" aria-hidden=\"true\" class=\"wp-block-spacer\"><\/div>\n\n\n<div class=\"waveplayer-container\"><div id=\"waveplayer-690bfd8a84b9de580f646aa1bac3bf9a-69f548cf88dca\" class=\"waveplayer loading wvpl-skin-w2-legacy wvpl-palette-82b5f13d3182c280df0afafb94cd569a wvpl-style-light wvpl-size-lg wvpl-shape-circle wvpl-full-width-playlist \" data-skin=\"w2-legacy\" data-shape=\"circle\" data-wave_mode=\"1\" data-gap_width=\"0\" data-autoplay=\"1\" data-limit=\"0\" data-config_id=\"690bfd8a84b9de580f646aa1bac3bf9a\" data-instance_id=\"690bfd8a84b9de580f646aa1bac3bf9a-69f548cf88dca\">\n\t<div class=\"wvpl-left-box\" style=\"background-image:url(https:\/\/iglesiadecristomanizales.com\/wp-content\/plugins\/waveplayer\/assets\/img\/waveplayer.jpg)\">\n\t\t<div class=\"wvpl-interface\">\n\t\t\t<div class=\"wvpl-volume-overlay\"><\/div>\n\t\t\t<div class=\"wvpl-icon wvpl-info\"><\/div>\n\t\t\t<div class=\"wvpl-controls\">\n\t\t\t\t<div class=\"wvpl-icon wvpl-prev wvpl-disabled\"><\/div>\n\t\t\t\t<div class=\"wvpl-icon wvpl-play\"><\/div>\n\t\t\t\t<div class=\"wvpl-icon wvpl-next wvpl-disabled\"><\/div>\n\t\t\t<\/div>\n\t\t\t\t\t\t\t<div class=\"wvpl-icon wvpl-volume wvpl-volume_up\"><\/div>\n\t\t\t\t\t<\/div>\n\t\t<div class=\"wvpl-poster\"><\/div>\n\t<\/div>\n\t<div class=\"wvpl-right-box\">\n\t\t<div class=\"wvpl-overlay\">\n\t\t\t<svg>\n\t\t\t\t<use xlink:href=\"#waveform-animation\" \/>\n\t\t\t<\/svg>\n\t\t\t<div class=\"percentage\"><\/div>\n\t\t\t<div class=\"wvpl-loading\">\n\t\t\t\t<div class=\"wvpl-loading-progress\"><\/div>\n\t\t\t<\/div>\n\t\t\t<div class=\"message\"><\/div>\n\t\t<\/div>\n\t\t<div class=\"wvpl-position\"><\/div>\n\t\t<div class=\"wvpl-duration\"><\/div>\n\t\t<div class=\"wvpl-waveform\"><\/div>\n\t\t<div class=\"wvpl-infobar\">\n\t\t\t<div class=\"wvpl-playing-info\"><div class=\"wvpl-infoblock\"><\/div><\/div>\n\t\t<\/div>\n\t<\/div>\n\t<div class=\"wvpl-playlist\">\n\t\t<div class=\"wvpl-playlist-wrapper\"><\/div>\n\t<\/div>\n<\/div>\n<\/div><\/div>\n<\/div>\n","protected":false},"excerpt":{"rendered":"<p>Hermano \u00c1lvaro Sep\u00falveda Predicador y Evangelista de la iglesia de Cristo, con una trayectoria importante en la predicaci\u00f3n del evangelio, he tenido la oportunidad de estar entre hermanos de diferentes lugares y es mi prop\u00f3sito anunciar las verdades de Dios. Felizmente casado y trabajando en la obra del Se\u00f1or en Colombia.<\/p>\n","protected":false},"author":2,"featured_media":18917,"comment_status":"open","ping_status":"open","sticky":false,"template":"","format":"standard","meta":{"_et_pb_use_builder":"off","_et_pb_old_content":"","_et_gb_content_width":"","footnotes":""},"categories":[243],"tags":[],"class_list":["post-18916","post","type-post","status-publish","format-standard","has-post-thumbnail","hentry","category-podcasts"],"_links":{"self":[{"href":"https:\/\/iglesiadecristomanizales.com\/index.php?rest_route=\/wp\/v2\/posts\/18916","targetHints":{"allow":["GET"]}}],"collection":[{"href":"https:\/\/iglesiadecristomanizales.com\/index.php?rest_route=\/wp\/v2\/posts"}],"about":[{"href":"https:\/\/iglesiadecristomanizales.com\/index.php?rest_route=\/wp\/v2\/types\/post"}],"author":[{"embeddable":true,"href":"https:\/\/iglesiadecristomanizales.com\/index.php?rest_route=\/wp\/v2\/users\/2"}],"replies":[{"embeddable":true,"href":"https:\/\/iglesiadecristomanizales.com\/index.php?rest_route=%2Fwp%2Fv2%2Fcomments&post=18916"}],"version-history":[{"count":14,"href":"https:\/\/iglesiadecristomanizales.com\/index.php?rest_route=\/wp\/v2\/posts\/18916\/revisions"}],"predecessor-version":[{"id":18961,"href":"https:\/\/iglesiadecristomanizales.com\/index.php?rest_route=\/wp\/v2\/posts\/18916\/revisions\/18961"}],"wp:featuredmedia":[{"embeddable":true,"href":"https:\/\/iglesiadecristomanizales.com\/index.php?rest_route=\/wp\/v2\/media\/18917"}],"wp:attachment":[{"href":"https:\/\/iglesiadecristomanizales.com\/index.php?rest_route=%2Fwp%2Fv2%2Fmedia&parent=18916"}],"wp:term":[{"taxonomy":"category","embeddable":true,"href":"https:\/\/iglesiadecristomanizales.com\/index.php?rest_route=%2Fwp%2Fv2%2Fcategories&post=18916"},{"taxonomy":"post_tag","embeddable":true,"href":"https:\/\/iglesiadecristomanizales.com\/index.php?rest_route=%2Fwp%2Fv2%2Ftags&post=18916"}],"curies":[{"name":"wp","href":"https:\/\/api.w.org\/{rel}","templated":true}]}}