{"id":18397,"date":"2022-05-24T21:12:42","date_gmt":"2022-05-25T02:12:42","guid":{"rendered":"https:\/\/iglesiadecristomanizales.com\/?p=18397"},"modified":"2022-05-24T21:12:43","modified_gmt":"2022-05-25T02:12:43","slug":"salmo-27-yo-publicare-el-decreto-jehova-me-ha-dicho-mi-hijo-eres-tu-yo-te-engendre-hoy","status":"publish","type":"post","link":"https:\/\/iglesiadecristomanizales.com\/?p=18397","title":{"rendered":"Salmo 2:7 &#8211; Yo publicar\u00e9 el decreto; Jehov\u00e1 me ha dicho: Mi hijo eres t\u00fa; Yo te engendr\u00e9 hoy"},"content":{"rendered":"<div class=\"waveplayer-container\"><div id=\"waveplayer-be5e47fae611fc4aefaf76af72fc287f-69f548df29735\" class=\"waveplayer loading wvpl-skin-w3-standard wvpl-palette-82b5f13d3182c280df0afafb94cd569a wvpl-style-light wvpl-size-lg wvpl-shape-rounded wvpl-full-width-playlist \" data-limit=\"0\" data-mode=\"normal\" data-config_id=\"be5e47fae611fc4aefaf76af72fc287f\" data-instance_id=\"be5e47fae611fc4aefaf76af72fc287f-69efea3c8ebda\">\n\t<div class=\"wvpl-cover\">\n\t\t<div class=\"wvpl-poster\"><\/div>\n\t<\/div>\n\t<div class=\"wvpl-wave\">\n\t\t<div class=\"wvpl-overlay\">\n\t\t\t<svg>\n\t\t\t\t<use xlink:href=\"#waveform-animation\" \/>\n\t\t\t<\/svg>\n\t\t\t<div class=\"percentage\"><\/div>\n\t\t\t<div class=\"wvpl-loading\">\n\t\t\t\t<div class=\"wvpl-loading-progress\"><\/div>\n\t\t\t<\/div>\n\t\t\t<div class=\"message\"><\/div>\n\t\t<\/div>\n\t\t<div class=\"wvpl-position\"><\/div>\n\t\t<div class=\"wvpl-waveform\"><\/div>\n\t\t<div class=\"wvpl-duration\"><\/div>\n\t<\/div>\n\t<div class=\"wvpl-interface\">\n\t\t<div class=\"wvpl-controls\">\n\t\t\t<div class=\"wvpl-icon wvpl-prev wvpl-disabled\"><\/div>\n\t\t\t<div class=\"wvpl-icon wvpl-play\"><\/div>\n\t\t\t<div class=\"wvpl-icon wvpl-next wvpl-disabled\"><\/div>\n\t\t<\/div>\n\t\t<div class=\"wvpl-volume-slider\">\n\t\t\t<div class=\"rail\">\n\t\t\t\t<div class=\"value\"><\/div>\n\t\t\t<\/div>\n\t\t\t<div class=\"handle\"><\/div>\n\t\t\t<div class=\"touchable\"><\/div>\n\t\t<\/div>\n\t\t<div class=\"wvpl-infobar\">\n\t\t\t<div class=\"wvpl-playing-info\"><div class=\"wvpl-infoblock\"><\/div><\/div>\n\t\t<\/div>\n\t<\/div>\n\t<div class=\"wvpl-playlist\">\n\t\t<div class=\"wvpl-playlist-wrapper\"><\/div>\n\t<\/div>\n<\/div>\n<\/div>\n\n\n<p class=\"has-text-align-center\">Por: Luis Felipe Torres Mu\u00f1oz<\/p>\n\n\n\n<p class=\"has-text-align-center\"><strong>Resumen<\/strong><\/p>\n\n\n\n<p>Son muchos los que emplean mal la palabra de Dios y sacan de contexto muchos vers\u00edculos o palabras, pretendiendo traer o mostrar en ellas sus pensamientos prejuiciados, fuera de la realidad divina. Y as\u00ed como se expresa en esta porci\u00f3n del salmo, Dios Padre ha declarado tajantemente la Deidad de su Hijo, coloc\u00e1ndolo en su mismo nivel, en su misma esencia y sustancia, siendo desde la eternidad y hasta la eternidad, increado y absoluto, verdadero y justo Se\u00f1or. Ese es el decreto oportuno que expresa el escritor guiado por el Esp\u00edritu Santo.<\/p>\n\n\n\n<p class=\"has-text-align-center\">*******<\/p>\n\n\n\n<h2 class=\"has-text-align-center wp-block-heading\">Yo publicare el decreto<\/h2>\n\n\n\n<p>Los reyes malvados, aquellos que se unieron en uno contra el Hijo de Dios, ahora reciben la declaraci\u00f3n directa de la verdad absoluta, le herencia otorgada al que lo hizo todo, la publicaci\u00f3n del decreto, donde se establece el pacto dav\u00eddico, en el cual Dios declar\u00f3 que \u00c9l ser\u00eda Padre de ese Rey, y que \u00c9ste ser\u00eda su Hijo. As\u00ed que cuando David se convirti\u00f3 en rey, Dios describi\u00f3 su relaci\u00f3n como la de un padre con su hijo. Dios mismo proclama la constituci\u00f3n del reino seg\u00fan Su voluntad y se convierte en algo ineludible, de estricto cumplimiento.<\/p>\n\n\n\n<h2 class=\"has-text-align-center wp-block-heading\">Jehov\u00e1 me ha dicho: Mi hijo eres t\u00fa;<\/h2>\n\n\n\n<p>Estas palabras son aplicadas a la resurrecci\u00f3n de Jes\u00fas por Pablo en su serm\u00f3n de Antioqu\u00eda (Hch. 13:33), y por el autor de la Ep\u00edstola a los Hebreos, tanto al hecho de que la filiaci\u00f3n divina de Jes\u00fas es superior a la de los \u00e1ngeles (He. 1:5) como al oficio de sumo sacerdote que Jes\u00fas ejerce por acci\u00f3n directa de Dios (He. 5:5). Este es el \u00fanico lugar en el Antiguo Testamento donde se usa el verbo engendrar con Jehov\u00e1 como sujeto<a href=\"#_ftn1\" id=\"_ftnref1\">[1]<\/a>.<\/p>\n\n\n\n<blockquote class=\"wp-block-quote is-layout-flow wp-block-quote-is-layout-flow\"><p>Hechos 13:33 la cual Dios ha cumplido a los hijos de ellos, a nosotros, resucitando a Jes\u00fas; como est\u00e1 escrito tambi\u00e9n en el salmo segundo: Mi hijo eres t\u00fa, yo te he engendrado hoy.<\/p><\/blockquote>\n\n\n\n<blockquote class=\"wp-block-quote is-layout-flow wp-block-quote-is-layout-flow\"><p>Hebreos 1:5 Porque \u00bfa cu\u00e1l de los \u00e1ngeles dijo Dios jam\u00e1s: Mi Hijo eres t\u00fa, Yo te he engendrado hoy, y otra vez: Yo ser\u00e9 a \u00e9l Padre, Y \u00e9l me ser\u00e1 a m\u00ed hijo?<\/p><\/blockquote>\n\n\n\n<blockquote class=\"wp-block-quote is-layout-flow wp-block-quote-is-layout-flow\"><p>Hebreos 5:5 As\u00ed tampoco Cristo se glorific\u00f3 a s\u00ed mismo haci\u00e9ndose sumo sacerdote, sino el que le dijo: T\u00fa eres mi Hijo, Yo te he engendrado hoy.<\/p><\/blockquote>\n\n\n\n<p>Y tiene su pleno cumplimiento en Cristo Jes\u00fas. Donde se observa en la vida y obra de \u00c9l el llamado del Padre para con su Hijo.<\/p>\n\n\n\n<p>En el bautismo de Jes\u00fas:<\/p>\n\n\n\n<blockquote class=\"wp-block-quote is-layout-flow wp-block-quote-is-layout-flow\"><p>Mateo 3:17 Y hubo una voz de los cielos, que dec\u00eda: Este es mi Hijo amado, en quien tengo complacencia.<\/p><\/blockquote>\n\n\n\n<p>En la transfiguraci\u00f3n:<\/p>\n\n\n\n<blockquote class=\"wp-block-quote is-layout-flow wp-block-quote-is-layout-flow\"><p>Mateo 17:5 Mientras \u00e9l a\u00fan hablaba, una nube de luz los cubri\u00f3; y he aqu\u00ed una voz desde la nube, que dec\u00eda: Este es mi Hijo amado, en quien tengo complacencia;(B) a \u00e9l o\u00edd.<\/p><\/blockquote>\n\n\n\n<p>Y otros tantos pasajes m\u00e1s, haciendo referencia al decreto mencionado.<\/p>\n\n\n\n<h2 class=\"has-text-align-center wp-block-heading\">Yo te engendr\u00e9 hoy<\/h2>\n\n\n\n<p>Puntualmente se refiere a la a la divinidad de nuestro Se\u00f1or y Salvador; que comparte los atributos con el Padre, misma sustancia, mismo prop\u00f3sito, mismos atributos divinos, coiguales en todo sentido, y dando lugar al cumplimiento del plan eterno de salvaci\u00f3n para el hombre.<\/p>\n\n\n\n<p>En ning\u00fan sentido, estas palabras significan que Cristo fue creado en alg\u00fan punto o momento de la eternidad como aluden algunos, solo es la exclamaci\u00f3n directa de la Deidad del hijo.<\/p>\n\n\n\n<p>\u00a1Dios los bendiga!<\/p>\n\n\n\n<hr class=\"wp-block-separator is-style-wide\"\/>\n\n\n\n<p><a href=\"#_ftnref1\" id=\"_ftn1\">[1]<\/a> Purkiser, W. T. (2010). El Libro de los SALMOS. En S. Franco (Ed.), Comentario B\u00edblico Beacon: Literatura Po\u00e9tica y Sapiencial (Tomo 3) (p. 137). Casa Nazarena de Publicaciones.<\/p>\n","protected":false},"excerpt":{"rendered":"<p>Por: Luis Felipe Torres Mu\u00f1oz Resumen Son muchos los que emplean mal la palabra de Dios y sacan de contexto muchos vers\u00edculos o palabras, pretendiendo traer o mostrar en ellas sus pensamientos prejuiciados, fuera de la realidad divina. Y as\u00ed como se expresa en esta porci\u00f3n del salmo, Dios Padre ha declarado tajantemente la Deidad [&hellip;]<\/p>\n","protected":false},"author":2,"featured_media":18399,"comment_status":"open","ping_status":"open","sticky":false,"template":"","format":"standard","meta":{"_et_pb_use_builder":"off","_et_pb_old_content":"","_et_gb_content_width":"","footnotes":""},"categories":[117],"tags":[],"class_list":["post-18397","post","type-post","status-publish","format-standard","has-post-thumbnail","hentry","category-devocionales"],"_links":{"self":[{"href":"https:\/\/iglesiadecristomanizales.com\/index.php?rest_route=\/wp\/v2\/posts\/18397","targetHints":{"allow":["GET"]}}],"collection":[{"href":"https:\/\/iglesiadecristomanizales.com\/index.php?rest_route=\/wp\/v2\/posts"}],"about":[{"href":"https:\/\/iglesiadecristomanizales.com\/index.php?rest_route=\/wp\/v2\/types\/post"}],"author":[{"embeddable":true,"href":"https:\/\/iglesiadecristomanizales.com\/index.php?rest_route=\/wp\/v2\/users\/2"}],"replies":[{"embeddable":true,"href":"https:\/\/iglesiadecristomanizales.com\/index.php?rest_route=%2Fwp%2Fv2%2Fcomments&post=18397"}],"version-history":[{"count":1,"href":"https:\/\/iglesiadecristomanizales.com\/index.php?rest_route=\/wp\/v2\/posts\/18397\/revisions"}],"predecessor-version":[{"id":18400,"href":"https:\/\/iglesiadecristomanizales.com\/index.php?rest_route=\/wp\/v2\/posts\/18397\/revisions\/18400"}],"wp:featuredmedia":[{"embeddable":true,"href":"https:\/\/iglesiadecristomanizales.com\/index.php?rest_route=\/wp\/v2\/media\/18399"}],"wp:attachment":[{"href":"https:\/\/iglesiadecristomanizales.com\/index.php?rest_route=%2Fwp%2Fv2%2Fmedia&parent=18397"}],"wp:term":[{"taxonomy":"category","embeddable":true,"href":"https:\/\/iglesiadecristomanizales.com\/index.php?rest_route=%2Fwp%2Fv2%2Fcategories&post=18397"},{"taxonomy":"post_tag","embeddable":true,"href":"https:\/\/iglesiadecristomanizales.com\/index.php?rest_route=%2Fwp%2Fv2%2Ftags&post=18397"}],"curies":[{"name":"wp","href":"https:\/\/api.w.org\/{rel}","templated":true}]}}