{"id":1449,"date":"2020-05-01T22:22:39","date_gmt":"2020-05-01T22:22:39","guid":{"rendered":"https:\/\/iglesiadecristomanizales.com\/?p=1449"},"modified":"2020-05-06T01:44:37","modified_gmt":"2020-05-06T01:44:37","slug":"reflexiones-biblicas-en-audio","status":"publish","type":"post","link":"https:\/\/iglesiadecristomanizales.com\/?p=1449","title":{"rendered":"Reflexiones B\u00edblicas en Audio Hnos. Juan Cifuente y \u00c1lvaro Sep\u00falveda"},"content":{"rendered":"<p>Hno. Juan Cifuentes (Anciano\/Pastor\/Obispo).<\/p>\n<div class=\"waveplayer-container\"><div id=\"waveplayer-69b9d05be1ab6c9473b89e3c32cf3c86-69f559ca91fe9\" class=\"waveplayer loading wvpl-skin-w3-standard wvpl-palette-82b5f13d3182c280df0afafb94cd569a wvpl-style-light wvpl-size-lg wvpl-shape-rounded wvpl-full-width-playlist \" data-limit=\"0\" data-mode=\"normal\" data-config_id=\"69b9d05be1ab6c9473b89e3c32cf3c86\" data-instance_id=\"69b9d05be1ab6c9473b89e3c32cf3c86-69f559ca91fe9\">\n\t<div class=\"wvpl-cover\">\n\t\t<div class=\"wvpl-poster\"><\/div>\n\t<\/div>\n\t<div class=\"wvpl-wave\">\n\t\t<div class=\"wvpl-overlay\">\n\t\t\t<svg>\n\t\t\t\t<use xlink:href=\"#waveform-animation\" \/>\n\t\t\t<\/svg>\n\t\t\t<div class=\"percentage\"><\/div>\n\t\t\t<div class=\"wvpl-loading\">\n\t\t\t\t<div class=\"wvpl-loading-progress\"><\/div>\n\t\t\t<\/div>\n\t\t\t<div class=\"message\"><\/div>\n\t\t<\/div>\n\t\t<div class=\"wvpl-position\"><\/div>\n\t\t<div class=\"wvpl-waveform\"><\/div>\n\t\t<div class=\"wvpl-duration\"><\/div>\n\t<\/div>\n\t<div class=\"wvpl-interface\">\n\t\t<div class=\"wvpl-controls\">\n\t\t\t<div class=\"wvpl-icon wvpl-prev wvpl-disabled\"><\/div>\n\t\t\t<div class=\"wvpl-icon wvpl-play\"><\/div>\n\t\t\t<div class=\"wvpl-icon wvpl-next wvpl-disabled\"><\/div>\n\t\t<\/div>\n\t\t<div class=\"wvpl-volume-slider\">\n\t\t\t<div class=\"rail\">\n\t\t\t\t<div class=\"value\"><\/div>\n\t\t\t<\/div>\n\t\t\t<div class=\"handle\"><\/div>\n\t\t\t<div class=\"touchable\"><\/div>\n\t\t<\/div>\n\t\t<div class=\"wvpl-infobar\">\n\t\t\t<div class=\"wvpl-playing-info\"><div class=\"wvpl-infoblock\"><\/div><\/div>\n\t\t<\/div>\n\t<\/div>\n\t<div class=\"wvpl-playlist\">\n\t\t<div class=\"wvpl-playlist-wrapper\"><\/div>\n\t<\/div>\n<\/div>\n<\/div>\n<p>Hno. \u00c1lvaro Sep\u00falveda (Evangelista).<\/p>\n<div class=\"waveplayer-container\"><div id=\"waveplayer-e803d65fd680b6ded92f0f737ff94794-69f559ca9822a\" class=\"waveplayer loading wvpl-skin-w3-standard wvpl-palette-82b5f13d3182c280df0afafb94cd569a wvpl-style-light wvpl-size-lg wvpl-shape-rounded wvpl-full-width-playlist \" data-limit=\"0\" data-mode=\"normal\" data-config_id=\"e803d65fd680b6ded92f0f737ff94794\" data-instance_id=\"e803d65fd680b6ded92f0f737ff94794-69f559ca9822a\">\n\t<div class=\"wvpl-cover\">\n\t\t<div class=\"wvpl-poster\"><\/div>\n\t<\/div>\n\t<div class=\"wvpl-wave\">\n\t\t<div class=\"wvpl-overlay\">\n\t\t\t<svg>\n\t\t\t\t<use xlink:href=\"#waveform-animation\" \/>\n\t\t\t<\/svg>\n\t\t\t<div class=\"percentage\"><\/div>\n\t\t\t<div class=\"wvpl-loading\">\n\t\t\t\t<div class=\"wvpl-loading-progress\"><\/div>\n\t\t\t<\/div>\n\t\t\t<div class=\"message\"><\/div>\n\t\t<\/div>\n\t\t<div class=\"wvpl-position\"><\/div>\n\t\t<div class=\"wvpl-waveform\"><\/div>\n\t\t<div class=\"wvpl-duration\"><\/div>\n\t<\/div>\n\t<div class=\"wvpl-interface\">\n\t\t<div class=\"wvpl-controls\">\n\t\t\t<div class=\"wvpl-icon wvpl-prev wvpl-disabled\"><\/div>\n\t\t\t<div class=\"wvpl-icon wvpl-play\"><\/div>\n\t\t\t<div class=\"wvpl-icon wvpl-next wvpl-disabled\"><\/div>\n\t\t<\/div>\n\t\t<div class=\"wvpl-volume-slider\">\n\t\t\t<div class=\"rail\">\n\t\t\t\t<div class=\"value\"><\/div>\n\t\t\t<\/div>\n\t\t\t<div class=\"handle\"><\/div>\n\t\t\t<div class=\"touchable\"><\/div>\n\t\t<\/div>\n\t\t<div class=\"wvpl-infobar\">\n\t\t\t<div class=\"wvpl-playing-info\"><div class=\"wvpl-infoblock\"><\/div><\/div>\n\t\t<\/div>\n\t<\/div>\n\t<div class=\"wvpl-playlist\">\n\t\t<div class=\"wvpl-playlist-wrapper\"><\/div>\n\t<\/div>\n<\/div>\n<\/div>\n","protected":false},"excerpt":{"rendered":"<p>Hno. Juan Cifuentes (Anciano\/Pastor\/Obispo). Hno. \u00c1lvaro Sep\u00falveda (Evangelista).<\/p>\n","protected":false},"author":2,"featured_media":1489,"comment_status":"open","ping_status":"open","sticky":false,"template":"","format":"standard","meta":{"_et_pb_use_builder":"","_et_pb_old_content":"","_et_gb_content_width":"","footnotes":""},"categories":[19],"tags":[],"class_list":["post-1449","post","type-post","status-publish","format-standard","has-post-thumbnail","hentry","category-noticias"],"_links":{"self":[{"href":"https:\/\/iglesiadecristomanizales.com\/index.php?rest_route=\/wp\/v2\/posts\/1449","targetHints":{"allow":["GET"]}}],"collection":[{"href":"https:\/\/iglesiadecristomanizales.com\/index.php?rest_route=\/wp\/v2\/posts"}],"about":[{"href":"https:\/\/iglesiadecristomanizales.com\/index.php?rest_route=\/wp\/v2\/types\/post"}],"author":[{"embeddable":true,"href":"https:\/\/iglesiadecristomanizales.com\/index.php?rest_route=\/wp\/v2\/users\/2"}],"replies":[{"embeddable":true,"href":"https:\/\/iglesiadecristomanizales.com\/index.php?rest_route=%2Fwp%2Fv2%2Fcomments&post=1449"}],"version-history":[{"count":6,"href":"https:\/\/iglesiadecristomanizales.com\/index.php?rest_route=\/wp\/v2\/posts\/1449\/revisions"}],"predecessor-version":[{"id":1503,"href":"https:\/\/iglesiadecristomanizales.com\/index.php?rest_route=\/wp\/v2\/posts\/1449\/revisions\/1503"}],"wp:featuredmedia":[{"embeddable":true,"href":"https:\/\/iglesiadecristomanizales.com\/index.php?rest_route=\/wp\/v2\/media\/1489"}],"wp:attachment":[{"href":"https:\/\/iglesiadecristomanizales.com\/index.php?rest_route=%2Fwp%2Fv2%2Fmedia&parent=1449"}],"wp:term":[{"taxonomy":"category","embeddable":true,"href":"https:\/\/iglesiadecristomanizales.com\/index.php?rest_route=%2Fwp%2Fv2%2Fcategories&post=1449"},{"taxonomy":"post_tag","embeddable":true,"href":"https:\/\/iglesiadecristomanizales.com\/index.php?rest_route=%2Fwp%2Fv2%2Ftags&post=1449"}],"curies":[{"name":"wp","href":"https:\/\/api.w.org\/{rel}","templated":true}]}}