{"id":1337,"date":"2019-10-08T18:50:34","date_gmt":"2019-10-08T18:50:34","guid":{"rendered":"https:\/\/iglesiadecristomanizales.com\/?p=1337"},"modified":"2019-10-08T18:50:34","modified_gmt":"2019-10-08T18:50:34","slug":"mes-de-octubre-2019","status":"publish","type":"post","link":"https:\/\/iglesiadecristomanizales.com\/?p=1337","title":{"rendered":"Mes de Octubre 2019"},"content":{"rendered":"<h2>ALGUNAS COSAS QUE RECORDAR:<\/h2>\n<p>Agradecemos la ayuda de todos los que colaboran en los servicios que se llevan a cabo en la iglesia del Se\u00f1or aqu\u00ed en Manizales, por lo tanto, pedimos de forma amable que usted considere lo siguiente:<\/p>\n<ul>\n<li>Por favor prepare entre semana los himnos a cantar, evitemos que en la direcci\u00f3n de los himnos se presenten olvidos de tonadas o algo que interfiera en la adoraci\u00f3n al Se\u00f1or.<\/li>\n<li>Prepare los temas a ense\u00f1ar con anticipaci\u00f3n, sea el servicio de la cena, ofrenda o exhortaci\u00f3n, traiga sus apuntes para que recuerde y administre cada acto de forma correcta.<\/li>\n<li>Respetemos los tiempos estipulados.<\/li>\n<\/ul>\n<p><a href=\"https:\/\/iglesiadecristomanizales.com\/wp-content\/uploads\/2019\/10\/tiempos-servicios.png\"><br \/>\n<img loading=\"lazy\" decoding=\"async\" class=\"aligncenter wp-image-1338 size-full\" src=\"https:\/\/iglesiadecristomanizales.com\/wp-content\/uploads\/2019\/10\/tiempos-servicios.png\" alt=\"\" width=\"531\" height=\"360\" srcset=\"https:\/\/iglesiadecristomanizales.com\/wp-content\/uploads\/2019\/10\/tiempos-servicios.png 531w, https:\/\/iglesiadecristomanizales.com\/wp-content\/uploads\/2019\/10\/tiempos-servicios-300x203.png 300w\" sizes=\"(max-width: 531px) 100vw, 531px\" \/><\/a><\/p>\n<h3><span style=\"color: #800000;\">SERVICIOS<\/span><\/h3>\n<h3>DOMINGO, 10\/6\/2019<\/h3>\n<ul>\n<li><strong>Anuncios y Coordinaci\u00f3n<\/strong>: Luis Felipe Torres.<\/li>\n<li><strong>Himnos<\/strong>: Ever Eduardo Cardenas.<\/li>\n<li><strong>Oraci\u00f3n Entrada<\/strong>: Ever Eduardo Cardenas.<\/li>\n<li><strong>Cena del Se\u00f1or<\/strong>: Luis Felipe Torres.<\/li>\n<li><strong>Ofrenda<\/strong>: Luis Felipe Torres.\n<ul>\n<li><strong>Apoyos para los servicios<\/strong>: Hno. Juan Felipe Torres &amp; Hno. Esteban R\u00edos.<\/li>\n<\/ul>\n<\/li>\n<li><strong>Exhortaci\u00f3n<\/strong>: Luis Felipe Torres.<\/li>\n<li><strong>Estudio B\u00edblico<\/strong>: \u00c1lvaro Sep\u00falveda.<\/li>\n<li><strong>Oraci\u00f3n Salida<\/strong>: Luis Felipe Torres.<\/li>\n<li><strong>Otros Servicios<\/strong>:\n<ul>\n<li><strong>Maestro J\u00f3venes<\/strong>: Felipe Torres\n<ul>\n<li><strong>Tema<\/strong>: PREGUNTAS Y RESPUESTAS<\/li>\n<\/ul>\n<\/li>\n<li><strong>Maestra Ni\u00f1os que leen<\/strong>: Carolina Mar\u00edn\n<ul>\n<li><strong>Tema<\/strong>: NO OLVIDES ORAR<\/li>\n<\/ul>\n<\/li>\n<li><strong>Maestra Ni\u00f1os que no leen<\/strong>: Juliana Arboleda\n<ul>\n<li><strong>Tema<\/strong>: Un Pr\u00edncipe Llega a Ser Pastor<\/li>\n<\/ul>\n<\/li>\n<\/ul>\n<\/li>\n<\/ul>\n<h3>MI\u00c9RCOLES, 10\/2\/2019<\/h3>\n<ul>\n<li><strong>Himnos<\/strong>: \u00c1lvaro Sep\u00falveda.<\/li>\n<li><strong>Oraci\u00f3n Entrada<\/strong>: \u00c1lvaro Sep\u00falveda.<\/li>\n<li><strong>Estudio B\u00edblico<\/strong>: Edison Valencia.<\/li>\n<li><strong>Oraci\u00f3n Salida<\/strong>: Juan Cifuentes.<\/li>\n<\/ul>\n<h3>S\u00c1BADO, 10\/5\/2019<\/h3>\n<ul>\n<li><strong>Responsable<\/strong>: Edison Valencia<\/li>\n<\/ul>\n<h3><span style=\"color: #800000;\">SERVICIOS<\/span><\/h3>\n<h3>DOMINGO, 10\/13\/2019<\/h3>\n<ul>\n<li><strong>Anuncios y Coordinaci\u00f3n<\/strong>: Luis Felipe Torres.<\/li>\n<li><strong>Himnos<\/strong>: Reinaldo Bedoya.<\/li>\n<li><strong>Oraci\u00f3n Entrada<\/strong>: Reinaldo Bedoya.<\/li>\n<li><strong>Cena del Se\u00f1or<\/strong>: Juan Cifuentes.<\/li>\n<li><strong>Ofrenda<\/strong>: \u00c1lvaro Sep\u00falveda.\n<ul>\n<li><strong>Apoyos para los servicios<\/strong>: Hno. Reinaldo Bedoya &amp; Hno. \u00c1lvaro Sep\u00falveda.<\/li>\n<\/ul>\n<\/li>\n<li><strong>Exhortaci\u00f3n<\/strong>: \u00c1lvaro Sep\u00falveda.<\/li>\n<li><strong>Estudio B\u00edblico<\/strong>: \u00c1lvaro Sep\u00falveda.<\/li>\n<li><strong>Oraci\u00f3n Salida<\/strong>: Luis Felipe Torres.<\/li>\n<li><strong>Otros Servicios<\/strong>:\n<ul>\n<li><strong>Maestra J\u00f3venes<\/strong>: Diana Restrepo\n<ul>\n<li><strong>Tema<\/strong>: J\u00d3VENES Y LA ORACI\u00d3N<\/li>\n<\/ul>\n<\/li>\n<li><strong>Maestra Ni\u00f1os que leen<\/strong>: Ever Eduardo Card\n<ul>\n<li><strong>Tema<\/strong>: \u00bfEN QUI\u00c9N CONF\u00cdAS?<\/li>\n<\/ul>\n<\/li>\n<li><strong>Maestra Ni\u00f1os que no leen<\/strong>: Elizabeth Valencia\n<ul>\n<li><strong>Tema<\/strong>: \u00a1Adi\u00f3s Fara\u00f3n!<\/li>\n<\/ul>\n<\/li>\n<\/ul>\n<\/li>\n<\/ul>\n<h3>MI\u00c9RCOLES, 10\/9\/2019<\/h3>\n<ul>\n<li><strong>Himnos<\/strong>: Reinaldo Bedoya.<\/li>\n<li><strong>Oraci\u00f3n Entrada<\/strong>: Reinaldo Bedoya.<\/li>\n<li><strong>Estudio B\u00edblico<\/strong>: \u00c1lvaro Sep\u00falveda.<\/li>\n<li><strong>Oraci\u00f3n Salida<\/strong>: Felipe Torres.<\/li>\n<\/ul>\n<h3>S\u00c1BADO, 10\/12\/2019<\/h3>\n<ul>\n<li><strong>Responsable<\/strong>: \u00c1lvaro Sep\u00falveda<\/li>\n<\/ul>\n<h3><span style=\"color: #800000;\">SERVICIOS<\/span><\/h3>\n<h3>DOMINGO, 10\/20\/2019<\/h3>\n<ul>\n<li><strong>Anuncios y Coordinaci\u00f3n<\/strong>: Luis Felipe Torres.<\/li>\n<li><strong>Himnos<\/strong>: Jorge Piedrahita.<\/li>\n<li><strong>Oraci\u00f3n Entrada<\/strong>: Jorge Piedrahita.<\/li>\n<li><strong>Cena del Se\u00f1or<\/strong>: Edison Valencia.<\/li>\n<li><strong>Ofrenda<\/strong>: Reinaldo Bedoya.\n<ul>\n<li><strong>Apoyos para los servicios<\/strong>: Hno. Jorge Piedrahita &amp; Hno. Juan Felipe Torres.<\/li>\n<\/ul>\n<\/li>\n<li><strong>Exhortaci\u00f3n<\/strong>: Reinaldo Bedoya.<\/li>\n<li><strong>Estudio B\u00edblico<\/strong>: \u00c1lvaro Sep\u00falveda.<\/li>\n<li><strong>Oraci\u00f3n Salida<\/strong>: Luis Felipe Torres.<\/li>\n<li><strong>Otros Servicios<\/strong>:\n<ul>\n<li><strong>Maestra J\u00f3venes<\/strong>: Adriana Hernandez\n<ul>\n<li><strong>Tema<\/strong>: J\u00d3VENES Y LA ORACI\u00d3N<\/li>\n<\/ul>\n<\/li>\n<li><strong>Maestra Ni\u00f1os que leen<\/strong>: Liliana Ramirez\n<ul>\n<li><strong>Tema<\/strong>: \u00bfQU\u00c9 CLASE DE OYENTE ERES?<\/li>\n<\/ul>\n<\/li>\n<li><strong>Maestra Ni\u00f1os que no leen<\/strong>: Carolina Mar\u00edn\n<ul>\n<li><strong>Tema<\/strong>: Cuarenta A\u00f1os<\/li>\n<\/ul>\n<\/li>\n<\/ul>\n<\/li>\n<\/ul>\n<h3>MI\u00c9RCOLES, 10\/16\/2019<\/h3>\n<ul>\n<li><strong>Himnos<\/strong>: Felipe Torres.<\/li>\n<li><strong>Oraci\u00f3n Entrada<\/strong>: Felipe Torres.<\/li>\n<li><strong>Estudio B\u00edblico<\/strong>: \u00c1lvaro Sep\u00falveda.<\/li>\n<li><strong>Oraci\u00f3n Salida<\/strong>: Juan Cifuentes.<\/li>\n<\/ul>\n<h3>S\u00c1BADO, 10\/19\/2019<\/h3>\n<ul>\n<li><strong>Responsable<\/strong>: Reinaldo Bedoya<\/li>\n<\/ul>\n<h3><span style=\"color: #800000;\">SERVICIOS<\/span><\/h3>\n<h3>DOMINGO, 10\/27\/2019<\/h3>\n<ul>\n<li><strong>Anuncios y Coordinaci\u00f3n<\/strong>: Luis Felipe Torres.<\/li>\n<li><strong>Himnos<\/strong>: Esteban R\u00edos.<\/li>\n<li><strong>Oraci\u00f3n Entrada<\/strong>: Esteban R\u00edos.<\/li>\n<li><strong>Cena del Se\u00f1or<\/strong>: Reinaldo Bedoya.<\/li>\n<li><strong>Ofrenda<\/strong>: Juan Cifuentes.\n<ul>\n<li><strong>Apoyos para los servicios<\/strong>: Hno. Edison Valencia &amp; Hno. Juan Felipe Torres.<\/li>\n<\/ul>\n<\/li>\n<li><strong>Exhortaci\u00f3n<\/strong>: Juan Cifuentes.<\/li>\n<li><strong>Estudio B\u00edblico<\/strong>: \u00c1lvaro Sep\u00falveda.<\/li>\n<li><strong>Oraci\u00f3n Salida<\/strong>: Luis Felipe Torres.<\/li>\n<li><strong>Otros Servicios<\/strong>:\n<ul>\n<li><strong>Maestro J\u00f3venes<\/strong>: Felipe Torres\n<ul>\n<li><strong>Tema<\/strong>: \u00bfEXISTE DIOS?<\/li>\n<\/ul>\n<\/li>\n<li><strong>Maestra Ni\u00f1os que leen<\/strong>: Juliana Arboleda\n<ul>\n<li><strong>Tema<\/strong>: 1 HOMBRE + 1 MUJER X|VIDA|<\/li>\n<\/ul>\n<\/li>\n<li><strong>Maestra Ni\u00f1os que no leen<\/strong>: Camila Giraldo\n<ul>\n<li><strong>Tema<\/strong>: Josu\u00e9 Toma el Mando<\/li>\n<\/ul>\n<\/li>\n<\/ul>\n<\/li>\n<\/ul>\n<h3>MI\u00c9RCOLES, 10\/23\/2019<\/h3>\n<ul>\n<li><strong>Himnos<\/strong>: Jorge Piedrahita.<\/li>\n<li><strong>Oraci\u00f3n Entrada<\/strong>: Jorge Piedrahita.<\/li>\n<li><strong>Estudio B\u00edblico<\/strong>: \u00c1lvaro Sep\u00falveda.<\/li>\n<li><strong>Oraci\u00f3n Salida<\/strong>: Felipe Torres.<\/li>\n<\/ul>\n<h3>S\u00c1BADO, 10\/26\/2019<\/h3>\n<ul>\n<li><strong>Responsable<\/strong>: Edison Valencia<\/li>\n<\/ul>\n<p>&nbsp;<\/p>\n<h3><span style=\"color: #800000;\">SERVICIOS<\/span><\/h3>\n<h3>MI\u00c9RCOLES, 10\/30\/2019<\/h3>\n<ul>\n<li><strong>Himnos<\/strong>: Esteban Rios.<\/li>\n<li><strong>Oraci\u00f3n Entrada<\/strong>: Esteban Rios.<\/li>\n<li><strong>Estudio B\u00edblico<\/strong>: \u00c1lvaro Sep\u00falveda.<\/li>\n<li><strong>Oraci\u00f3n Salida<\/strong>: Juan Cifuentes.<\/li>\n<\/ul>\n<p>&nbsp;<\/p>\n<h2>Otros servicios:<\/h2>\n<p>&nbsp;<\/p>\n<ul>\n<li><strong>Elaboraci\u00f3n del Pan: <\/strong> Liliana Valencia.<\/li>\n<li><strong>Elaboraci\u00f3n del Fruto de la Vid: <\/strong> Reinaldo Bedoya<strong>.<\/strong><\/li>\n<li><strong>Puerta principal: <\/strong>\n<ul>\n<li><strong>Domingo: <\/strong> William R\u00edos<\/li>\n<li><strong>Mi\u00e9rcoles: <\/strong> William R\u00edos<\/li>\n<li><strong>S\u00e1bado: <\/strong> Juan Cifuentes<\/li>\n<\/ul>\n<\/li>\n<li><strong>Aseo, Supervisor: <\/strong> Edison Valencia<\/li>\n<li><strong>Coordinador de Asistencia: <\/strong> Esteban R\u00edos<\/li>\n<\/ul>\n<p>&nbsp;<\/p>\n","protected":false},"excerpt":{"rendered":"<p>ALGUNAS COSAS QUE RECORDAR: Agradecemos la ayuda de todos los que colaboran en los servicios que se llevan a cabo en la iglesia del Se\u00f1or aqu\u00ed en Manizales, por lo tanto, pedimos de forma amable que usted considere lo siguiente: Por favor prepare entre semana los himnos a cantar, evitemos que en la direcci\u00f3n de [&hellip;]<\/p>\n","protected":false},"author":2,"featured_media":1339,"comment_status":"open","ping_status":"open","sticky":false,"template":"","format":"standard","meta":{"_et_pb_use_builder":"","_et_pb_old_content":"","_et_gb_content_width":"","footnotes":""},"categories":[5],"tags":[],"class_list":["post-1337","post","type-post","status-publish","format-standard","has-post-thumbnail","hentry","category-servicios"],"_links":{"self":[{"href":"https:\/\/iglesiadecristomanizales.com\/index.php?rest_route=\/wp\/v2\/posts\/1337","targetHints":{"allow":["GET"]}}],"collection":[{"href":"https:\/\/iglesiadecristomanizales.com\/index.php?rest_route=\/wp\/v2\/posts"}],"about":[{"href":"https:\/\/iglesiadecristomanizales.com\/index.php?rest_route=\/wp\/v2\/types\/post"}],"author":[{"embeddable":true,"href":"https:\/\/iglesiadecristomanizales.com\/index.php?rest_route=\/wp\/v2\/users\/2"}],"replies":[{"embeddable":true,"href":"https:\/\/iglesiadecristomanizales.com\/index.php?rest_route=%2Fwp%2Fv2%2Fcomments&post=1337"}],"version-history":[{"count":1,"href":"https:\/\/iglesiadecristomanizales.com\/index.php?rest_route=\/wp\/v2\/posts\/1337\/revisions"}],"predecessor-version":[{"id":1340,"href":"https:\/\/iglesiadecristomanizales.com\/index.php?rest_route=\/wp\/v2\/posts\/1337\/revisions\/1340"}],"wp:featuredmedia":[{"embeddable":true,"href":"https:\/\/iglesiadecristomanizales.com\/index.php?rest_route=\/wp\/v2\/media\/1339"}],"wp:attachment":[{"href":"https:\/\/iglesiadecristomanizales.com\/index.php?rest_route=%2Fwp%2Fv2%2Fmedia&parent=1337"}],"wp:term":[{"taxonomy":"category","embeddable":true,"href":"https:\/\/iglesiadecristomanizales.com\/index.php?rest_route=%2Fwp%2Fv2%2Fcategories&post=1337"},{"taxonomy":"post_tag","embeddable":true,"href":"https:\/\/iglesiadecristomanizales.com\/index.php?rest_route=%2Fwp%2Fv2%2Ftags&post=1337"}],"curies":[{"name":"wp","href":"https:\/\/api.w.org\/{rel}","templated":true}]}}